{"id":9688,"date":"2026-08-25T11:46:32","date_gmt":"2026-08-25T11:46:32","guid":{"rendered":"https:\/\/www.kentarastirmalari.org\/?p=9688"},"modified":"2026-08-31T12:59:00","modified_gmt":"2026-08-31T12:59:00","slug":"turkiye-yerel-yonetimleri","status":"publish","type":"post","link":"https:\/\/www.kentarastirmalari.org\/en\/2026\/08\/25\/turkiye-yerel-yonetimleri\/","title":{"rendered":"T\u00fcrkiye Yerel Y\u00f6netimleri COP31 Pozisyon Belgesi Yay\u0131nland\u0131!"},"content":{"rendered":"<div data-elementor-type=\"wp-post\" data-elementor-id=\"9688\" class=\"elementor elementor-9688\" data-elementor-post-type=\"post\">\n\t\t\t\t<div class=\"elementor-element elementor-element-eafdce3 e-flex e-con-boxed e-con e-parent\" data-id=\"eafdce3\" data-element_type=\"container\">\n\t\t\t\t\t<div class=\"e-con-inner\">\n\t\t<div class=\"elementor-element elementor-element-92672c7 e-con-full e-flex e-con e-child\" data-id=\"92672c7\" data-element_type=\"container\">\n\t\t\t\t<div class=\"elementor-element elementor-element-c537d42 elementor-widget elementor-widget-heading\" data-id=\"c537d42\" data-element_type=\"widget\" data-settings=\"{&quot;ekit_we_effect_on&quot;:&quot;none&quot;}\" data-widget_type=\"heading.default\">\n\t\t\t\t<div class=\"elementor-widget-container\">\n\t\t\t\t\t<h3 class=\"elementor-heading-title elementor-size-default\">Kent Ara\u015ft\u0131rmalar\u0131 Enstit\u00fcs\u00fc b\u00fcnyesinde Dr. Cemal Ba\u015f taraf\u0131ndan haz\u0131rlanan ve akademisyen ve yerel y\u00f6netim uzmanlar\u0131n\u0131n katk\u0131lar\u0131yla zenginle\u015fen \u201cT\u00fcrkiye Yerel Y\u00f6netimleri COP31 Pozisyon Belgesi\u201d yay\u0131mland\u0131. T\u00fcrk\u00e7e ve \u0130ngilizce olarak haz\u0131rlanan belge, T\u00fcrkiye\u2019deki belediyelerin iklim de\u011fi\u015fikli\u011fi alan\u0131ndaki \u00f6nceliklerini, uygulama deneyimlerini ve politika beklentilerini 100 somut \u00f6neriyle ortaya koyuyor.<\/h3>\t\t\t\t<\/div>\n\t\t\t\t<\/div>\n\t\t\t\t<\/div>\n\t\t\t\t\t<\/div>\n\t\t\t\t<\/div>\n\t\t<div class=\"elementor-element elementor-element-655288b e-flex e-con-boxed e-con e-parent\" data-id=\"655288b\" data-element_type=\"container\">\n\t\t\t\t\t<div class=\"e-con-inner\">\n\t\t\t\t<div class=\"elementor-element elementor-element-23b7983 elementor-widget elementor-widget-text-editor\" data-id=\"23b7983\" data-element_type=\"widget\" data-settings=\"{&quot;ekit_we_effect_on&quot;:&quot;none&quot;}\" data-widget_type=\"text-editor.default\">\n\t\t\t\t<div class=\"elementor-widget-container\">\n\t\t\t\t\t\t\t\t\t<p>K\u00fcresel iklim krizinin etkileri kentlerde giderek daha g\u00f6r\u00fcn\u00fcr h\u00e2le gelirken; su ve kanalizasyon hizmetlerinden ula\u015f\u0131ma, g\u0131da g\u00fcvenli\u011finden halk sa\u011fl\u0131\u011f\u0131na, enerji d\u00f6n\u00fc\u015f\u00fcm\u00fcnden afet y\u00f6netimine kadar \u00e7ok say\u0131da belediye hizmeti yeni risklerle kar\u015f\u0131 kar\u015f\u0131ya kal\u0131yor. K\u00fcresel sera gaz\u0131 emisyonlar\u0131n\u0131n yakla\u015f\u0131k y\u00fczde 67-72\u2019sinin kentsel alanlarla ili\u015fkili olmas\u0131 ise kentleri yaln\u0131zca iklim de\u011fi\u015fikli\u011finin etkilerinin yo\u011fun bi\u00e7imde ya\u015fand\u0131\u011f\u0131 yerler de\u011fil, ayn\u0131 zamanda \u00e7\u00f6z\u00fcm\u00fcn geli\u015ftirilece\u011fi ve uygulanaca\u011f\u0131 ba\u015fl\u0131ca merkezler h\u00e2line getiriyor.<\/p><p>Bu yakla\u015f\u0131mdan hareketle Kent Ara\u015ft\u0131rmalar\u0131 Enstit\u00fcs\u00fc taraf\u0131ndan haz\u0131rlanan \u201cT\u00fcrkiye Yerel Y\u00f6netimleri COP31 Pozisyon Belgesi\u201d, yerel y\u00f6netimlerin iklim politikalar\u0131ndaki rol\u00fcn\u00fc g\u00fc\u00e7lendirecek ortak bir politika \u00e7er\u00e7evesi sunuyor. Belge; belediyelerin mevcut kapasitelerini ve sahada kar\u015f\u0131la\u015ft\u0131klar\u0131 g\u00fc\u00e7l\u00fckleri ortaya koyarken merkezi y\u00f6netim, yerel y\u00f6netimler, akademi, \u00f6zel sekt\u00f6r ve sivil toplum aras\u0131ndaki i\u015f birli\u011finin geli\u015ftirilmesine y\u00f6nelik uygulanabilir \u00f6neriler getiriyor.<\/p><p><strong>On Tematik Ba\u015fl\u0131kta 100 Politika \u00d6nerisi<\/strong><\/p><p>Pozisyon Belgesi\u2019nin tematik yap\u0131s\u0131, COP31 Eylem Ajandas\u0131\u2019n\u0131n \u00f6ncelikleriyle uyumlu olarak olu\u015fturuldu. Belgede her biri 10 politika \u00f6nerisi i\u00e7eren \u015fu ba\u015fl\u0131klara yer verildi:<\/p><ul><li>S\u0131f\u0131r At\u0131k<\/li><li>Okyanuslar ve Denizler<\/li><li>G\u0131da G\u00fcvenli\u011fi<\/li><li>\u0130klim Diren\u00e7li \u015eehirler<\/li><li>\u0130klim Uygulama K\u00f6pr\u00fcs\u00fc<\/li><li>Gen\u00e7lik ve E\u011fitim<\/li><li>Ye\u015fil Sanayile\u015fme<\/li><li>Temiz Enerji D\u00f6n\u00fc\u015f\u00fcm\u00fc<\/li><li>Rio Sinerjisi<\/li><li>Dinamik ve Dayan\u0131kl\u0131 Sa\u011fl\u0131k Sistemleri<\/li><\/ul><p>Bu ba\u015fl\u0131klar alt\u0131nda belediyelerin mali, teknik ve idari kapasitelerinin g\u00fc\u00e7lendirilmesi; ulusal ve yerel veri sistemlerinin birlikte \u00e7al\u0131\u015fabilir h\u00e2le getirilmesi; yerel iklim eylem planlar\u0131n\u0131n stratejik planlar, b\u00fct\u00e7eler ve yat\u0131r\u0131m programlar\u0131yla b\u00fct\u00fcnle\u015ftirilmesi \u00f6ne \u00e7\u0131kan ortak politika alanlar\u0131 aras\u0131nda yer al\u0131yor.<\/p><p>Belgede ayr\u0131ca iklim ve afet planlar\u0131n\u0131n ortak risk verileri ile izleme g\u00f6stergeleri \u00fczerinden uyumla\u015ft\u0131r\u0131lmas\u0131, k\u00fc\u00e7\u00fck ve orta \u00f6l\u00e7ekli belediyelerin finansmana eri\u015fiminin kolayla\u015ft\u0131r\u0131lmas\u0131, yenilenebilir enerji yat\u0131r\u0131mlar\u0131ndaki izin s\u00fcre\u00e7lerinin sadele\u015ftirilmesi ve iklim diren\u00e7li kentsel tasar\u0131m standartlar\u0131n\u0131n geli\u015ftirilmesi \u00f6neriliyor. Gen\u00e7lerin iklim eylemine kat\u0131l\u0131m\u0131, ye\u015fil becerilerin desteklenmesi, g\u0131da kay\u0131p ve israf\u0131n\u0131n azalt\u0131lmas\u0131, k\u0131y\u0131 alanlar\u0131nda b\u00fct\u00fcnle\u015fik y\u00f6netim ve iklim de\u011fi\u015fikli\u011finin sa\u011fl\u0131k \u00fczerindeki etkilerinin yerel politikalara d\u00e2hil edilmesi de belgenin temel g\u00fcndemleri aras\u0131nda bulunuyor.<\/p><p><strong>\u00a0<\/strong><\/p><p><strong>Akademik Bilgi ile Yerel Deneyim Bulu\u015fturuldu<\/strong><\/p><p>Pozisyon Belgesi, a\u015famal\u0131 ve kat\u0131l\u0131mc\u0131 bir y\u00f6ntemle haz\u0131rland\u0131. \u0130lk a\u015famada iklim de\u011fi\u015fikli\u011fi, kent politikalar\u0131 ve yerel y\u00f6netimler alan\u0131ndaki ulusal literat\u00fcr ile temel politika belgeleri incelendi. Ard\u0131ndan haz\u0131rlanan ilk taslak, bilimsel de\u011ferlendirme ile belediyelerin uygulama deneyimlerini bir araya getiren iki a\u015famal\u0131 bir dan\u0131\u015fma s\u00fcrecinden ge\u00e7irildi.<\/p><p>27 Temmuz 2026 tarihinde Akademik Dan\u0131\u015fma Kurulu ve Belediye Odak Grubu i\u00e7in yap\u0131lan a\u00e7\u0131k \u00e7a\u011fr\u0131ya 200\u2019\u00fcn \u00fczerinde ba\u015fvuru al\u0131nd\u0131. Ba\u015fvurular; uzmanl\u0131k, deneyim, \u00e7al\u0131\u015fma alan\u0131yla ilgililik, co\u011frafi da\u011f\u0131l\u0131m ve kurumsal \u00e7e\u015fitlilik \u00f6l\u00e7\u00fctleri do\u011frultusunda de\u011ferlendirildi.<\/p><p>Bu de\u011ferlendirme sonucunda 8 profes\u00f6r, 10 do\u00e7ent, 20 doktor ve bir uzmandan olu\u015fan 39 ki\u015filik Akademik Dan\u0131\u015fma Kurulu olu\u015fturuldu. Kurulda T\u00fcrkiye\u2019nin 12 \u0130BBS D\u00fczey 1 b\u00f6lgesinin 11\u2019inden temsil sa\u011fland\u0131. Belediye Odak Grubu ise alt\u0131 farkl\u0131 b\u00f6lgeden 16 kat\u0131l\u0131mc\u0131y\u0131 bir araya getirdi. B\u00fcy\u00fck\u015fehir belediyesi, b\u00fcy\u00fck\u015fehir il\u00e7e belediyesi, il belediyesi ve il\u00e7e belediyesi olmak \u00fczere d\u00f6rt farkl\u0131 belediye t\u00fcr\u00fcn\u00fcn deneyimi haz\u0131rl\u0131k s\u00fcrecine yans\u0131t\u0131ld\u0131.<\/p><p>Akademisyenlerin bilimsel de\u011ferlendirmeleri do\u011frultusunda geli\u015ftirilen taslak, ikinci a\u015famada Belediye Odak Grubunun incelemesine sunuldu. B\u00f6ylece bilimsel bilgi ile yerel y\u00f6netimlerin sahadan ta\u015f\u0131d\u0131\u011f\u0131 ihtiya\u00e7, deneyim ve uygulama sorunlar\u0131 ayn\u0131 politika metninde bulu\u015fturuldu. Y\u00fczlerce g\u00f6r\u00fc\u015f ve \u00f6nerinin de\u011ferlendirilmesinin ard\u0131ndan belgeye son \u015fekli verildi.<\/p><p>\u00a0<\/p><p><strong>Yerel Y\u00f6netimlerin COP31 S\u00fcrecine Kurumsal Kat\u0131l\u0131m\u0131 G\u00fc\u00e7lendirilmeli<\/strong><\/p><p>Pozisyon Belgesi, yerel y\u00f6netimlerin ulusal iklim politikalar\u0131n\u0131n yaln\u0131zca uygulay\u0131c\u0131s\u0131 de\u011fil; hedeflerin belirlenmesi, kaynaklar\u0131n tahsisi, uygulamalar\u0131n izlenmesi ve politikalar\u0131n geli\u015ftirilmesi s\u00fcre\u00e7lerinin temel kurumsal ortaklar\u0131 oldu\u011funu vurguluyor. Bu do\u011frultuda belediyelerin ulusal iklim politikas\u0131 ve yat\u0131r\u0131m s\u00fcre\u00e7lerinde d\u00fczenli ve kurumsal bi\u00e7imde temsil edilmesi \u00f6neriliyor.<\/p><p>Belge, \u00f6nceki COP s\u00fcre\u00e7lerinde s\u0131n\u0131rl\u0131 kalan yerel y\u00f6netim kat\u0131l\u0131m\u0131n\u0131n COP31 ile birlikte kal\u0131c\u0131 bir yap\u0131ya kavu\u015fturulmas\u0131 \u00e7a\u011fr\u0131s\u0131nda bulunuyor. Yerel y\u00f6netimlerin COP m\u00fczakerelerine ve ulusal delegasyon \u00e7al\u0131\u015fmalar\u0131na s\u00fcrekli kat\u0131l\u0131m\u0131n\u0131 sa\u011flayacak mekanizmalar\u0131n olu\u015fturulmas\u0131, kentler aras\u0131 i\u015f birli\u011finin geli\u015ftirilmesi ve uluslararas\u0131 kararlar\u0131n yerel d\u00fczeyde izlenmesi bu yakla\u015f\u0131m\u0131n temel bile\u015fenlerini olu\u015fturuyor.<\/p><p>Kent Ara\u015ft\u0131rmalar\u0131 Enstit\u00fcs\u00fc, Pozisyon Belgesi\u2019nin yaln\u0131zca COP31\u2019e sunulacak d\u00f6nemsel bir g\u00f6r\u00fc\u015f metni olarak kalmas\u0131n\u0131 de\u011fil; merkezi y\u00f6netim, belediyeler, akademi ve di\u011fer payda\u015flar aras\u0131ndaki diyalo\u011fu g\u00fc\u00e7lendiren kal\u0131c\u0131 bir ba\u015fvuru kayna\u011f\u0131 olmas\u0131n\u0131 hedefliyor. \u00c7al\u0131\u015fman\u0131n ayn\u0131 zamanda iklim de\u011fi\u015fikli\u011fi, kentle\u015fme ve yerel y\u00f6netimler alan\u0131nda yeni ara\u015ft\u0131rmalara, ortakl\u0131klara ve uzun vadeli i\u015f birliklerine zemin haz\u0131rlamas\u0131 bekleniyor.<\/p><p>\u201cT\u00fcrkiye Yerel Y\u00f6netimleri COP31 Pozisyon Belgesi\u201dne T\u00fcrk\u00e7e ve \u0130ngilizce olarak a\u015fa\u011f\u0131daki ba\u011flant\u0131dan eri\u015filebilir:<\/p><p><a href=\"https:\/\/www.kentarastirmalari.org\/wp-content\/uploads\/2026\/08\/V5-YerelYonetimler-COP31-PozisyonBelgesi-1.pdf\"><strong>T\u00fcrkiye Yerel Y\u00f6netimleri COP31 Pozisyon Belgesi\u2019ni \u0130ncelemek \u0130\u00e7in T\u0131klay\u0131n\u0131z<\/strong><\/a><\/p><p>\u00a0<\/p>\t\t\t\t\t\t\t\t<\/div>\n\t\t\t\t<\/div>\n\t\t\t\t\t<\/div>\n\t\t\t\t<\/div>\n\t\t\t\t<\/div>","protected":false},"excerpt":{"rendered":"<p>Kent Ara\u015ft\u0131rmalar\u0131 Enstit\u00fcs\u00fc b\u00fcnyesinde Dr. Cemal Ba\u015f taraf\u0131ndan haz\u0131rlanan ve akademisyen ve yerel y\u00f6netim uzmanlar\u0131n\u0131n katk\u0131lar\u0131yla zenginle\u015fen \u201cT\u00fcrkiye Yerel Y\u00f6netimleri COP31 Pozisyon Belgesi\u201d yay\u0131mland\u0131. T\u00fcrk\u00e7e ve \u0130ngilizce olarak haz\u0131rlanan belge, T\u00fcrkiye\u2019deki belediyelerin iklim de\u011fi\u015fikli\u011fi alan\u0131ndaki \u00f6nceliklerini, uygulama deneyimlerini ve politika beklentilerini 100 somut \u00f6neriyle ortaya koyuyor. K\u00fcresel iklim krizinin etkileri kentlerde giderek daha g\u00f6r\u00fcn\u00fcr h\u00e2le [&hellip;]<\/p>","protected":false},"author":1,"featured_media":9690,"comment_status":"closed","ping_status":"closed","sticky":false,"template":"","format":"standard","meta":{"footnotes":""},"categories":[62],"tags":[],"class_list":["post-9688","post","type-post","status-publish","format-standard","has-post-thumbnail","hentry","category-ana-sayfa-slider"],"_links":{"self":[{"href":"https:\/\/www.kentarastirmalari.org\/en\/wp-json\/wp\/v2\/posts\/9688","targetHints":{"allow":["GET"]}}],"collection":[{"href":"https:\/\/www.kentarastirmalari.org\/en\/wp-json\/wp\/v2\/posts"}],"about":[{"href":"https:\/\/www.kentarastirmalari.org\/en\/wp-json\/wp\/v2\/types\/post"}],"author":[{"embeddable":true,"href":"https:\/\/www.kentarastirmalari.org\/en\/wp-json\/wp\/v2\/users\/1"}],"replies":[{"embeddable":true,"href":"https:\/\/www.kentarastirmalari.org\/en\/wp-json\/wp\/v2\/comments?post=9688"}],"version-history":[{"count":4,"href":"https:\/\/www.kentarastirmalari.org\/en\/wp-json\/wp\/v2\/posts\/9688\/revisions"}],"predecessor-version":[{"id":9698,"href":"https:\/\/www.kentarastirmalari.org\/en\/wp-json\/wp\/v2\/posts\/9688\/revisions\/9698"}],"wp:featuredmedia":[{"embeddable":true,"href":"https:\/\/www.kentarastirmalari.org\/en\/wp-json\/wp\/v2\/media\/9690"}],"wp:attachment":[{"href":"https:\/\/www.kentarastirmalari.org\/en\/wp-json\/wp\/v2\/media?parent=9688"}],"wp:term":[{"taxonomy":"category","embeddable":true,"href":"https:\/\/www.kentarastirmalari.org\/en\/wp-json\/wp\/v2\/categories?post=9688"},{"taxonomy":"post_tag","embeddable":true,"href":"https:\/\/www.kentarastirmalari.org\/en\/wp-json\/wp\/v2\/tags?post=9688"}],"curies":[{"name":"wp","href":"https:\/\/api.w.org\/{rel}","templated":true}]}}